{"id":295,"date":"2018-03-26T22:28:33","date_gmt":"2018-03-26T21:28:33","guid":{"rendered":"http:\/\/www.geographischebildung.de\/wordpress\/?p=295"},"modified":"2021-05-30T13:51:15","modified_gmt":"2021-05-30T12:51:15","slug":"schule-neu-denken-von-hentig","status":"publish","type":"post","link":"https:\/\/www.geographischebildung.de\/?p=295","title":{"rendered":"Schule neu denken (von Hentig) &#8230;"},"content":{"rendered":"<p><em><strong>Schule neu denken (von Hentig) \u2013 auch Geographie in der Schule neu denken<\/strong><br \/>\n<\/em>Auch wenn von Hentig inzwischen infolge pers\u00f6nlicher Umst\u00e4nde in die hintere Reihe der p\u00e4dagogischen Mainsetter getreten ist, so bleiben seine \u00dcberlegungen doch weiterhin f\u00fcr Schule und Unterricht \u00fcberlegenswert. Wie k\u00f6nnen wir die schwierigen Jahre der Pubert\u00e4t mit geographischem Interesse so anreichern, dass Sch\u00fcler\/innen Geographie als wichtiges Fach ansehen? Was kann geographischer Unterricht zur gesamtheitlichen Bildung beitragen?<\/p>\n<p><a href=\"https:\/\/www.geographischebildung.de\/?p=6\"><em><strong>Mehr<\/strong><\/em><\/a><\/p>\n","protected":false},"excerpt":{"rendered":"<p>Schule neu denken (von Hentig) \u2013 auch Geographie in der Schule neu denken Auch wenn von Hentig inzwischen infolge pers\u00f6nlicher Umst\u00e4nde in die hintere Reihe der p\u00e4dagogischen Mainsetter getreten ist, so bleiben seine \u00dcberlegungen doch weiterhin f\u00fcr Schule und Unterricht \u00fcberlegenswert. Wie k\u00f6nnen wir die schwierigen Jahre der Pubert\u00e4t mit geographischem Interesse so anreichern, dass &hellip; <a href=\"https:\/\/www.geographischebildung.de\/?p=295\" class=\"more-link\"><span class=\"screen-reader-text\">Schule neu denken (von Hentig) &#8230;<\/span> weiterlesen <span class=\"meta-nav\">&rarr;<\/span><\/a><\/p>\n","protected":false},"author":1,"featured_media":0,"comment_status":"closed","ping_status":"closed","sticky":false,"template":"","format":"standard","meta":{"footnotes":""},"categories":[1],"tags":[17],"class_list":["post-295","post","type-post","status-publish","format-standard","hentry","category-allgemein","tag-geographische-bildung-tut-not"],"_links":{"self":[{"href":"https:\/\/www.geographischebildung.de\/index.php?rest_route=\/wp\/v2\/posts\/295","targetHints":{"allow":["GET"]}}],"collection":[{"href":"https:\/\/www.geographischebildung.de\/index.php?rest_route=\/wp\/v2\/posts"}],"about":[{"href":"https:\/\/www.geographischebildung.de\/index.php?rest_route=\/wp\/v2\/types\/post"}],"author":[{"embeddable":true,"href":"https:\/\/www.geographischebildung.de\/index.php?rest_route=\/wp\/v2\/users\/1"}],"replies":[{"embeddable":true,"href":"https:\/\/www.geographischebildung.de\/index.php?rest_route=%2Fwp%2Fv2%2Fcomments&post=295"}],"version-history":[{"count":3,"href":"https:\/\/www.geographischebildung.de\/index.php?rest_route=\/wp\/v2\/posts\/295\/revisions"}],"predecessor-version":[{"id":660,"href":"https:\/\/www.geographischebildung.de\/index.php?rest_route=\/wp\/v2\/posts\/295\/revisions\/660"}],"wp:attachment":[{"href":"https:\/\/www.geographischebildung.de\/index.php?rest_route=%2Fwp%2Fv2%2Fmedia&parent=295"}],"wp:term":[{"taxonomy":"category","embeddable":true,"href":"https:\/\/www.geographischebildung.de\/index.php?rest_route=%2Fwp%2Fv2%2Fcategories&post=295"},{"taxonomy":"post_tag","embeddable":true,"href":"https:\/\/www.geographischebildung.de\/index.php?rest_route=%2Fwp%2Fv2%2Ftags&post=295"}],"curies":[{"name":"wp","href":"https:\/\/api.w.org\/{rel}","templated":true}]}}