{"id":304,"date":"2018-03-26T22:34:06","date_gmt":"2018-03-26T21:34:06","guid":{"rendered":"http:\/\/www.geographischebildung.de\/wordpress\/?p=304"},"modified":"2021-05-30T14:00:59","modified_gmt":"2021-05-30T13:00:59","slug":"interdisziplinaritaet-markenzeichen-der-geographie","status":"publish","type":"post","link":"https:\/\/www.geographischebildung.de\/?p=304","title":{"rendered":"Interdisziplinarit\u00e4t &#8211; Markenzeichen der Geographie"},"content":{"rendered":"<p><em><strong>Interdisziplinarit\u00e4t &#8211; Markenzeichen und Kerngebiet der Geographie<br \/>\n<\/strong><\/em>Es gibt wohl nur wenige wissenschaftliche F\u00e4cher an den Universit\u00e4ten und Unterrichtsf\u00e4cher an den Schulen, die wie die Geographie Natur- und Sozialwissenschaften verbinden. &#8222;Br\u00fcckenfach&#8220; ist eine viel zu kurz greifende Bezeichnung, die auch andere F\u00e4cher f\u00fcr sich reklamieren. Sie manifestiert nur die hilflos-verzweifelte Suche nach einer unwiderlegbaren Position der Geographie im F\u00e4cherkanon. Aber Geographie ist nicht dienende &#8222;Br\u00fccke&#8220;, sondern ihre Inhalte verbinden\u00a0 schwergewichtig und selbst\u00e4ndig natur- und sozialwissenschaftliche Inhalte und erstellen neue, synthetisch-komplexe Gesamtsichten eines Problems. Sch\u00fcler\/innen lernen in Geographie wie in kaum einem anderen ihrer Schulf\u00e4cher beispielhaft, dass einseitige Ansichten unvollst\u00e4ndig sind. Das Problem: Der Zeitpunkt, zu dem diese besondere Bedeutung des Faches\u00a0 von der organisierten Geographie als ein zentraler Kern geographischer Schulbildung in der Bildungspolitik h\u00e4tte verankert werden k\u00f6nnen, ist verpasst. Inzwischen ist es eine Binsenweisheit, dass &#8222;viele Aspekte unseres Daseins heute nur noch im Zusammenhang weltweiter Verflechtungen verstanden werden k\u00f6nnen&#8220; (Osterhammel\/Petersson). Die Geschichte hat unter dem Stichwort &#8222;Big History&#8220; die Verbindung von Raum und Zeit, Geschichte und Geographie anerkannt.\u00a0 Wenn\u00a0 Schulf\u00e4cher dazu dienen, den Heranwachsenden die Welt in ihrer Vielfalt und Verwobenheit erkennen zu lassen, dann hat die Geographie hierbei gleichwohl immer noch ihre besonders herausragende Bedeutung. Das m\u00fcsste die organisierte Geographie den Bildungspolitikern immer und immer wieder einbl\u00e4uen &#8211; vielleicht erkennen die f\u00fcr Schule Verantwortlichen\u00a0 eines Tages, dass die Reduzierung des Schulfaches Geographie ein Irrweg ist &#8211; hin zu Einseitigkeit, Vorurteil, Oberfl\u00e4chlichkeit und Unorientiertheit.<\/p>\n<p><a href=\"https:\/\/www.geographischebildung.de\/?p=6\"><em><strong>Mehr<\/strong><\/em><\/a><\/p>\n","protected":false},"excerpt":{"rendered":"<p>Interdisziplinarit\u00e4t &#8211; Markenzeichen und Kerngebiet der Geographie Es gibt wohl nur wenige wissenschaftliche F\u00e4cher an den Universit\u00e4ten und Unterrichtsf\u00e4cher an den Schulen, die wie die Geographie Natur- und Sozialwissenschaften verbinden. &#8222;Br\u00fcckenfach&#8220; ist eine viel zu kurz greifende Bezeichnung, die auch andere F\u00e4cher f\u00fcr sich reklamieren. Sie manifestiert nur die hilflos-verzweifelte Suche nach einer unwiderlegbaren Position &hellip; <a href=\"https:\/\/www.geographischebildung.de\/?p=304\" class=\"more-link\"><span class=\"screen-reader-text\">Interdisziplinarit\u00e4t &#8211; Markenzeichen der Geographie<\/span> weiterlesen <span class=\"meta-nav\">&rarr;<\/span><\/a><\/p>\n","protected":false},"author":1,"featured_media":0,"comment_status":"closed","ping_status":"closed","sticky":false,"template":"","format":"standard","meta":{"footnotes":""},"categories":[1],"tags":[17],"class_list":["post-304","post","type-post","status-publish","format-standard","hentry","category-allgemein","tag-geographische-bildung-tut-not"],"_links":{"self":[{"href":"https:\/\/www.geographischebildung.de\/index.php?rest_route=\/wp\/v2\/posts\/304","targetHints":{"allow":["GET"]}}],"collection":[{"href":"https:\/\/www.geographischebildung.de\/index.php?rest_route=\/wp\/v2\/posts"}],"about":[{"href":"https:\/\/www.geographischebildung.de\/index.php?rest_route=\/wp\/v2\/types\/post"}],"author":[{"embeddable":true,"href":"https:\/\/www.geographischebildung.de\/index.php?rest_route=\/wp\/v2\/users\/1"}],"replies":[{"embeddable":true,"href":"https:\/\/www.geographischebildung.de\/index.php?rest_route=%2Fwp%2Fv2%2Fcomments&post=304"}],"version-history":[{"count":4,"href":"https:\/\/www.geographischebildung.de\/index.php?rest_route=\/wp\/v2\/posts\/304\/revisions"}],"predecessor-version":[{"id":664,"href":"https:\/\/www.geographischebildung.de\/index.php?rest_route=\/wp\/v2\/posts\/304\/revisions\/664"}],"wp:attachment":[{"href":"https:\/\/www.geographischebildung.de\/index.php?rest_route=%2Fwp%2Fv2%2Fmedia&parent=304"}],"wp:term":[{"taxonomy":"category","embeddable":true,"href":"https:\/\/www.geographischebildung.de\/index.php?rest_route=%2Fwp%2Fv2%2Fcategories&post=304"},{"taxonomy":"post_tag","embeddable":true,"href":"https:\/\/www.geographischebildung.de\/index.php?rest_route=%2Fwp%2Fv2%2Ftags&post=304"}],"curies":[{"name":"wp","href":"https:\/\/api.w.org\/{rel}","templated":true}]}}