{"id":453,"date":"2018-08-07T22:55:59","date_gmt":"2018-08-07T21:55:59","guid":{"rendered":"http:\/\/www.geographischebildung.de\/wordpress\/?p=453"},"modified":"2018-08-08T14:59:20","modified_gmt":"2018-08-08T13:59:20","slug":"klima-witterung-wetter-ploetzlich-aktuell-und-voellig-neu","status":"publish","type":"post","link":"https:\/\/www.geographischebildung.de\/?p=453","title":{"rendered":"Klima &#8211; Witterung &#8211; Wetter: Pl\u00f6tzlich aktuell und &#8222;v\u00f6llig&#8220; neu&#8230;"},"content":{"rendered":"<p>Kaum eine Zeitung oder Zeitschrift l\u00e4sst sich die Themen &#8222;Hitze&#8220; und\u00a0 &#8222;Klimawandel&#8220; in diesen Tagen entgehen. Eine Auswahl:<\/p>\n<p><em>Der Sommer, der nie endet<\/em> (DER SPIEGEL)<br \/>\n<em>Abschied vom Wald. Der Klimawandel wird zum weltweiten Brandstifter.<\/em> (der Freitag)<br \/>\n<em>Fluchtursache Klima<\/em> (Handelsblatt)<br \/>\n<em>Land in Not. Die D\u00fcrre ruiniert die Ernte. Werden noch alle satt?<\/em> (Frankfurter Allgemeine Woche)<br \/>\n<em>Ebbe an der Elbe. F\u00fcr Fische und Schiffe wird es eng in deutschen Gew\u00e4ssern.<\/em> (Frankfurter Rundschau)<br \/>\n<em>Zukunft im Schwitzkasten. Der hei\u00dfe Somme f\u00fchrt uns die Folgen des Klimawandels vor Augen.<\/em> (DIE ZEIT)<\/p>\n<p>Ich finde aber keine Tages- oder Wochenzeitung, in der darauf hingewiesen wird, dass Klima, Witterung und Wetter origin\u00e4re Themen des Geographieunterrichts an den Schulen sind, die sich zusammen mit Physik, Geschichte, Ethik und Politik auch bestens zum projektorientierten und f\u00e4cher\u00fcbergreifenden Unterricht eignen. Die Erde als \u00d6kosystem ist Inhalt des Geographieunterrichts. Klimawandel und seine Folgen ist Inhalt des Geographieunterrichts. Wenn diese Inhalte (wie wichtige andere der UN-Weltziele) nur rudiment\u00e4r in den Schulen behandelt werden, dann liegt es nicht am Geographie-Fachlehrer, sondern an der miserabel-geizigen Stundenausstattung des Faches Geographie, das heute immer noch als eher nebens\u00e4chliches Erdk\u00e4se-Fach behandelt wird &#8211; obwohl hier das Fach ist, das den Sch\u00fclern die brennenden Zukunftsfragen der Menschheit auf diesem Planeten deutlich machen soll, kann und muss, auch wenn das nicht allen Sch\u00fclern gef\u00e4llt. Denn letztlich lernen sie, dass sie ihr Verhalten \u00e4ndern m\u00fcssen, und das ist ein schwieriges Unterfangen, an dessen Umsetzung die Anfangsfrage steht: &#8222;Warum ich? Die anderen machen&#8217;s doch auch nicht.&#8220;<\/p>\n<p>Unverst\u00e4ndlich bleibt auch, warum die Fachverb\u00e4nde der Geographie nicht vernehrmbar in der \u00d6ffentlichkeit auf diesen eigentlich unverst\u00e4ndlichen Mangel an geographischem Unterricht hinweisen. &#8222;Geographische Bldung tut Not&#8220;,\u00a0 hei\u00dft es &#8211; aber keiner der f\u00fcr die Geographie Verantwortlichen hat den Mut, in den Periodika (siehe oben) das Thema &#8222;Mehr Geographie in die Schulen!&#8220; vernehmbar aufzugreifen.<\/p>\n<p>Dann m\u00fcssen wir uns nicht wundern, dass die breite Bev\u00f6lkerung von Klima, Witterung und Wetter nichts versteht, aber auch, dass Themen wie Migration, Armut, Verkehr, St\u00e4dteentwicklung, Landwirtschaft, Flugtourismus&#8230;.\u00a0 keine Themen sind, die Menschen zum Nachdenken bringen.<\/p>\n<p>Warum f\u00fchlt sich die deutsche Geographie in ihrem wissenschaftlichen Elfenbeinturm so wohl und merkt nicht, dass ihre wichtigen Themen von anderen Fachbereichen dankbar \u00fcbernommen werden?<\/p>\n<p>Eberhard Schallhorn<\/p>\n<p>&nbsp;<\/p>\n","protected":false},"excerpt":{"rendered":"<p>Kaum eine Zeitung oder Zeitschrift l\u00e4sst sich die Themen &#8222;Hitze&#8220; und\u00a0 &#8222;Klimawandel&#8220; in diesen Tagen entgehen. Eine Auswahl: Der Sommer, der nie endet (DER SPIEGEL) Abschied vom Wald. Der Klimawandel wird zum weltweiten Brandstifter. (der Freitag) Fluchtursache Klima (Handelsblatt) Land in Not. Die D\u00fcrre ruiniert die Ernte. Werden noch alle satt? (Frankfurter Allgemeine Woche) Ebbe &hellip; <a href=\"https:\/\/www.geographischebildung.de\/?p=453\" class=\"more-link\"><span class=\"screen-reader-text\">Klima &#8211; Witterung &#8211; Wetter: Pl\u00f6tzlich aktuell und &#8222;v\u00f6llig&#8220; neu&#8230;<\/span> weiterlesen <span class=\"meta-nav\">&rarr;<\/span><\/a><\/p>\n","protected":false},"author":1,"featured_media":0,"comment_status":"open","ping_status":"closed","sticky":false,"template":"","format":"standard","meta":{"footnotes":""},"categories":[1],"tags":[20,17],"class_list":["post-453","post","type-post","status-publish","format-standard","hentry","category-allgemein","tag-allgemein","tag-geographische-bildung-tut-not"],"_links":{"self":[{"href":"https:\/\/www.geographischebildung.de\/index.php?rest_route=\/wp\/v2\/posts\/453","targetHints":{"allow":["GET"]}}],"collection":[{"href":"https:\/\/www.geographischebildung.de\/index.php?rest_route=\/wp\/v2\/posts"}],"about":[{"href":"https:\/\/www.geographischebildung.de\/index.php?rest_route=\/wp\/v2\/types\/post"}],"author":[{"embeddable":true,"href":"https:\/\/www.geographischebildung.de\/index.php?rest_route=\/wp\/v2\/users\/1"}],"replies":[{"embeddable":true,"href":"https:\/\/www.geographischebildung.de\/index.php?rest_route=%2Fwp%2Fv2%2Fcomments&post=453"}],"version-history":[{"count":3,"href":"https:\/\/www.geographischebildung.de\/index.php?rest_route=\/wp\/v2\/posts\/453\/revisions"}],"predecessor-version":[{"id":456,"href":"https:\/\/www.geographischebildung.de\/index.php?rest_route=\/wp\/v2\/posts\/453\/revisions\/456"}],"wp:attachment":[{"href":"https:\/\/www.geographischebildung.de\/index.php?rest_route=%2Fwp%2Fv2%2Fmedia&parent=453"}],"wp:term":[{"taxonomy":"category","embeddable":true,"href":"https:\/\/www.geographischebildung.de\/index.php?rest_route=%2Fwp%2Fv2%2Fcategories&post=453"},{"taxonomy":"post_tag","embeddable":true,"href":"https:\/\/www.geographischebildung.de\/index.php?rest_route=%2Fwp%2Fv2%2Ftags&post=453"}],"curies":[{"name":"wp","href":"https:\/\/api.w.org\/{rel}","templated":true}]}}