{"id":490,"date":"2020-02-24T10:26:45","date_gmt":"2020-02-24T09:26:45","guid":{"rendered":"http:\/\/www.geographischebildung.de\/wordpress\/?p=490"},"modified":"2020-02-25T22:06:09","modified_gmt":"2020-02-25T21:06:09","slug":"klimawandel","status":"publish","type":"post","link":"https:\/\/www.geographischebildung.de\/?p=490","title":{"rendered":"Klimawandel"},"content":{"rendered":"\n<p>In Anzeigen wird dieser Tage (Februar 2020) f\u00fcr ein neues B\u00fcchlein geworben von Jonathan Franzen: Wann h\u00f6ren wir auf, uns etwas vorzumachen? (Hamburg,  2. Aufl. 2020). Franzen (geboren 1959) hat als Essayist und Literat zahlreiche renommierte Literaturpreise gewonnen. Er ist Miglied der amerikanischen Academy of Arts and Letters, der Berliner Akademie der K\u00fcnste und des franz\u00f6sischen Ordre des Arts et Lettres. Er lebt in Santa Cruz (Kalifornien).  Sein B\u00fcchlein wird als &#8222;k\u00e4mpferisches Pl\u00e4doyer daf\u00fcr &#8220; beworben, &#8222;die Grenzen unserer M\u00f6glichkeiten nicht zulasten dessen zu leugnen, was sich erfolgreich ver\u00e4ndern l\u00e4sst&#8220;. Das &#8222;Spiel&#8220; sei aus, &#8222;wir werden den Klimawandel nicht mehr kontrollieren, die Katastrophe nicht verhindern k\u00f6nnen&#8220; &#8211; alles zu sp\u00e4t. <\/p>\n\n\n\n<p>Zu Franzens Buch hat Stefan Rahmstorf eine Kritik f\u00fcr Spiegel-online verfasst: <br><a href=\"https:\/\/www.spiegel.de\/wissenschaft\/mensch\/jonathan-franzen-klimawandel-essay-offenbart-falsches-schwarz-weiss-denken-a-1a0a5afa-4c92-437f-9162-3496c5d8ab37\">https:\/\/www.spiegel.de\/wissenschaft\/mensch\/jonathan-franzen-klimawandel-essay-offenbart-falsches-schwarz-weiss-denken-a-1a0a5afa-4c92-437f-9162-3496c5d8ab37<\/a><\/p>\n\n\n\n<p> <em>Stefan Rahmstorf (* 22. Februar 1960  in Karlsruhe)  ist ein deutscher  Klimaforscher. Die Schwerpunkte seiner wissenschaftlichen Arbeit sind  Ozeanographie  und Pal\u00e4oklimatologie. Er geh\u00f6rt zu den Leitautoren des  2007 ver\u00f6ffentlichten Vierten Sachstandsberichtes  des Weltklimarates  (IPCC),  wird von Clarivate Analytics zu den meistzitierten Forschern  seines Fachgebietes gez\u00e4hlt,   gilt als einer der weltweit f\u00fchrenden  Ozeanographen   und befasst sich mit der globalen Erw\u00e4rmung  und ihren  Folgen (wikipedia).<\/em><\/p>\n\n\n\n<p><\/p>\n","protected":false},"excerpt":{"rendered":"<p>In Anzeigen wird dieser Tage (Februar 2020) f\u00fcr ein neues B\u00fcchlein geworben von Jonathan Franzen: Wann h\u00f6ren wir auf, uns etwas vorzumachen? (Hamburg, 2. Aufl. 2020). Franzen (geboren 1959) hat als Essayist und Literat zahlreiche renommierte Literaturpreise gewonnen. Er ist Miglied der amerikanischen Academy of Arts and Letters, der Berliner Akademie der K\u00fcnste und des &hellip; <a href=\"https:\/\/www.geographischebildung.de\/?p=490\" class=\"more-link\"><span class=\"screen-reader-text\">Klimawandel<\/span> weiterlesen <span class=\"meta-nav\">&rarr;<\/span><\/a><\/p>\n","protected":false},"author":1,"featured_media":0,"comment_status":"open","ping_status":"closed","sticky":false,"template":"","format":"standard","meta":{"footnotes":""},"categories":[1],"tags":[20],"class_list":["post-490","post","type-post","status-publish","format-standard","hentry","category-allgemein","tag-allgemein"],"_links":{"self":[{"href":"https:\/\/www.geographischebildung.de\/index.php?rest_route=\/wp\/v2\/posts\/490","targetHints":{"allow":["GET"]}}],"collection":[{"href":"https:\/\/www.geographischebildung.de\/index.php?rest_route=\/wp\/v2\/posts"}],"about":[{"href":"https:\/\/www.geographischebildung.de\/index.php?rest_route=\/wp\/v2\/types\/post"}],"author":[{"embeddable":true,"href":"https:\/\/www.geographischebildung.de\/index.php?rest_route=\/wp\/v2\/users\/1"}],"replies":[{"embeddable":true,"href":"https:\/\/www.geographischebildung.de\/index.php?rest_route=%2Fwp%2Fv2%2Fcomments&post=490"}],"version-history":[{"count":4,"href":"https:\/\/www.geographischebildung.de\/index.php?rest_route=\/wp\/v2\/posts\/490\/revisions"}],"predecessor-version":[{"id":495,"href":"https:\/\/www.geographischebildung.de\/index.php?rest_route=\/wp\/v2\/posts\/490\/revisions\/495"}],"wp:attachment":[{"href":"https:\/\/www.geographischebildung.de\/index.php?rest_route=%2Fwp%2Fv2%2Fmedia&parent=490"}],"wp:term":[{"taxonomy":"category","embeddable":true,"href":"https:\/\/www.geographischebildung.de\/index.php?rest_route=%2Fwp%2Fv2%2Fcategories&post=490"},{"taxonomy":"post_tag","embeddable":true,"href":"https:\/\/www.geographischebildung.de\/index.php?rest_route=%2Fwp%2Fv2%2Ftags&post=490"}],"curies":[{"name":"wp","href":"https:\/\/api.w.org\/{rel}","templated":true}]}}