{"id":60,"date":"2013-01-24T15:04:43","date_gmt":"2013-01-24T14:04:43","guid":{"rendered":"http:\/\/www.geographischebildung.de\/wordpress\/?p=60"},"modified":"2021-05-20T21:28:32","modified_gmt":"2021-05-20T20:28:32","slug":"der-zornige","status":"publish","type":"post","link":"https:\/\/www.geographischebildung.de\/?p=60","title":{"rendered":"Der Zornige"},"content":{"rendered":"<h3>Ein W\u00fcterich will sich nur abreagieren.<\/h3>\n<h3>Der Zornige aber will agieren, er will etwas<\/h3>\n<h3>ver\u00e4ndern, er will nicht akzeptieren,<\/h3>\n<h3>dass es angeblich keine Alternative gibt.<\/h3>\n<h3>Ein W\u00fcterich verliert den Kopf, der Zornige<\/h3>\n<h3>bewahrt sich den Verstand. So ein Zorn gegen<\/h3>\n<h3>die Ungerechtigkeit steht in biblischer Tradition.<\/h3>\n<h3>Gott liebt die Zornigen.<\/h3>\n<p>&nbsp;<\/p>\n<p>Heribert Prantl<\/p>\n<p>nach:<br \/>\nLanger, Claudia: Die Generation Man M\u00fcsste mal. Eine Streitschrift. M\u00fcnchen, 2012, S. 27.<\/p>\n","protected":false},"excerpt":{"rendered":"<p>Ein W\u00fcterich will sich nur abreagieren. Der Zornige aber will agieren, er will etwas ver\u00e4ndern, er will nicht akzeptieren, dass es angeblich keine Alternative gibt. Ein W\u00fcterich verliert den Kopf, der Zornige bewahrt sich den Verstand. So ein Zorn gegen die Ungerechtigkeit steht in biblischer Tradition. Gott liebt die Zornigen. &nbsp; Heribert Prantl nach: Langer, &hellip; <a href=\"https:\/\/www.geographischebildung.de\/?p=60\" class=\"more-link\"><span class=\"screen-reader-text\">Der Zornige<\/span> weiterlesen <span class=\"meta-nav\">&rarr;<\/span><\/a><\/p>\n","protected":false},"author":1,"featured_media":0,"comment_status":"open","ping_status":"closed","sticky":false,"template":"","format":"standard","meta":{"footnotes":""},"categories":[1],"tags":[20],"class_list":["post-60","post","type-post","status-publish","format-standard","hentry","category-allgemein","tag-allgemein"],"_links":{"self":[{"href":"https:\/\/www.geographischebildung.de\/index.php?rest_route=\/wp\/v2\/posts\/60","targetHints":{"allow":["GET"]}}],"collection":[{"href":"https:\/\/www.geographischebildung.de\/index.php?rest_route=\/wp\/v2\/posts"}],"about":[{"href":"https:\/\/www.geographischebildung.de\/index.php?rest_route=\/wp\/v2\/types\/post"}],"author":[{"embeddable":true,"href":"https:\/\/www.geographischebildung.de\/index.php?rest_route=\/wp\/v2\/users\/1"}],"replies":[{"embeddable":true,"href":"https:\/\/www.geographischebildung.de\/index.php?rest_route=%2Fwp%2Fv2%2Fcomments&post=60"}],"version-history":[{"count":4,"href":"https:\/\/www.geographischebildung.de\/index.php?rest_route=\/wp\/v2\/posts\/60\/revisions"}],"predecessor-version":[{"id":649,"href":"https:\/\/www.geographischebildung.de\/index.php?rest_route=\/wp\/v2\/posts\/60\/revisions\/649"}],"wp:attachment":[{"href":"https:\/\/www.geographischebildung.de\/index.php?rest_route=%2Fwp%2Fv2%2Fmedia&parent=60"}],"wp:term":[{"taxonomy":"category","embeddable":true,"href":"https:\/\/www.geographischebildung.de\/index.php?rest_route=%2Fwp%2Fv2%2Fcategories&post=60"},{"taxonomy":"post_tag","embeddable":true,"href":"https:\/\/www.geographischebildung.de\/index.php?rest_route=%2Fwp%2Fv2%2Ftags&post=60"}],"curies":[{"name":"wp","href":"https:\/\/api.w.org\/{rel}","templated":true}]}}