{"id":66,"date":"2013-01-28T15:09:42","date_gmt":"2013-01-28T14:09:42","guid":{"rendered":"http:\/\/www.geographischebildung.de\/wordpress\/?p=66"},"modified":"2021-05-20T21:28:32","modified_gmt":"2021-05-20T20:28:32","slug":"reaktionen","status":"publish","type":"post","link":"https:\/\/www.geographischebildung.de\/?p=66","title":{"rendered":"Reaktionen"},"content":{"rendered":"<p>Nach meinen R\u00fccktritten von den Funktionen als Schatzmeister und als Beauftragter f\u00fcr \u00d6ffentlichkeitsarbeit erreichten mich zahlreiche Schreiben. Ich ver\u00f6ffentliche sie hier in Ausz\u00fcgen, die aber jeweils den Grundtenor des jeweiligen Schreibens wiedergeben. Da die Schreiben pers\u00f6nlich an mich gerichtet wurden, werden sie hier anonymisiert. F\u00fcr jede \u00c4u\u00dferung kenne ich den Namen des Absenders.\u00a0 \u00c4u\u00dferungen, die meine R\u00fccktritte bef\u00fcrworteten, sind mir nicht zugegangen.<\/p>\n<p>Ich bedanke mich bei allen, die mir zustimmen konnten. Eine Besserung des Zustandes der DGfG ist damit aber nicht erfolgt. Ich w\u00fcnschte mir eine sachliche, ernsthafte Diskussion der von mir angesprochenen Punkte und den Willen aller, zum Konsens zur\u00fcckzufinden.<\/p>\n<p>Der Pr\u00e4sident der DGfG hat sich bis heute nicht um eine Aussprache mit mir bem\u00fcht.<\/p>\n<p>Hier einige der Reaktionen, die mich erreichten:<\/p>\n<ul>\n<li>Ihre (\u2026) \u00a0Kritikpunkte sind sicher gerechtfertigt. Nicht nur nach meinem (\u2026) \u00a0Eindruck, ist die DGfG in einem reichlich desolaten Zustand. Der Weg (zur\u00fcck) zu einer effektiven Dachorganisation wird sicher kein einfacher sein.<\/li>\n<li>\u00a0(\u2026) das &#8222;Strategiegespr\u00e4ch&#8220; war unverbindlich, unvorbereitet und ziellos &#8211; und diesen Eindruck hatte nicht nur ich (\u2026).\u00a0 Symptomatisch war \u00fcbrigens, dass bei einer eigentlich so wichtigen Agenda wie der zuk\u00fcnftigen Finanzplanung (\u2026) in dieser Versammlung weder der Pr\u00e4sident, noch der Schriftf\u00fchrer, noch der Kassenwart noch der zweite Vizepr\u00e4sident anwesend waren. Es handelte sich also de facto um eine erweiterte Pr\u00e4sidiumssitzung ohne Pr\u00e4sidium (\u2026).<\/li>\n<li>Ich bin nicht sehr gl\u00fccklich \u00fcebr die Entwicklung. Es ist sehr schade. (&#8230;) Warum f\u00e4llt uns die Verst\u00e4ndigung so schwer? Mit ratlosen Gr\u00fc\u00dfen (&#8230;)<\/li>\n<li>Und wenn wirklich diese &#8222;(\u2026) Studie&#8220; in Auftrag gegeben wird, dann wird (\u2026) die Erosion der DGfG (\u2026) sich verst\u00e4rken.<\/li>\n<li>Erst einmal m\u00f6chte ich meinen Respekt [f\u00fcr den] mutigen Austritt aus dem Pr\u00e4sidium der DGfG bekunden. (\u2026) wie will die DGfG weiterarbeiten (\u2026) ?!!!<\/li>\n<li>\u00c4ndern wird sich bei diesen Egoisten und Spezialisten nichts. Die Niederungen der Schule sind denen fern.<\/li>\n<li>(\u2026) es tut mir leid, dass Ihr bisheriges Engagement f\u00fcr unser Fach einen solchen Abschluss erh\u00e4lt. Ich (\u2026) \u00a0denke aber, dass die DGfG das Papier nicht einfach zur Seite legen und zur Tagesordnung zur\u00fcckkehren kann.<\/li>\n<li>Ich kann die von Dir genannten Aspekte durchaus nachvollziehen, aber es gibt \u2013 wie so oft im Leben \u2013 immer auch noch andere Perspektiven, die eine Gesamtbeurteilung der Thematik wesentlich komplizierter erscheinen lassen.<\/li>\n<li>Vielen Dank f\u00fcr Ihre Mail, der ich mit gr\u00f6\u00dftem Bedauern Ihren Entschluss zum R\u00fccktritt entnehmen musste! (&#8230;) Dabei macht mich Ihre Beschreibung des desolaten Zustandes des Verbandes sehr, sehr traurig. Immer wieder h\u00f6re ich ja davon (&#8230;).<\/li>\n<\/ul>\n","protected":false},"excerpt":{"rendered":"<p>Nach meinen R\u00fccktritten von den Funktionen als Schatzmeister und als Beauftragter f\u00fcr \u00d6ffentlichkeitsarbeit erreichten mich zahlreiche Schreiben. Ich ver\u00f6ffentliche sie hier in Ausz\u00fcgen, die aber jeweils den Grundtenor des jeweiligen Schreibens wiedergeben. Da die Schreiben pers\u00f6nlich an mich gerichtet wurden, werden sie hier anonymisiert. F\u00fcr jede \u00c4u\u00dferung kenne ich den Namen des Absenders.\u00a0 \u00c4u\u00dferungen, die &hellip; <a href=\"https:\/\/www.geographischebildung.de\/?p=66\" class=\"more-link\"><span class=\"screen-reader-text\">Reaktionen<\/span> weiterlesen <span class=\"meta-nav\">&rarr;<\/span><\/a><\/p>\n","protected":false},"author":1,"featured_media":0,"comment_status":"open","ping_status":"closed","sticky":false,"template":"","format":"standard","meta":{"footnotes":""},"categories":[1],"tags":[20],"class_list":["post-66","post","type-post","status-publish","format-standard","hentry","category-allgemein","tag-allgemein"],"_links":{"self":[{"href":"https:\/\/www.geographischebildung.de\/index.php?rest_route=\/wp\/v2\/posts\/66","targetHints":{"allow":["GET"]}}],"collection":[{"href":"https:\/\/www.geographischebildung.de\/index.php?rest_route=\/wp\/v2\/posts"}],"about":[{"href":"https:\/\/www.geographischebildung.de\/index.php?rest_route=\/wp\/v2\/types\/post"}],"author":[{"embeddable":true,"href":"https:\/\/www.geographischebildung.de\/index.php?rest_route=\/wp\/v2\/users\/1"}],"replies":[{"embeddable":true,"href":"https:\/\/www.geographischebildung.de\/index.php?rest_route=%2Fwp%2Fv2%2Fcomments&post=66"}],"version-history":[{"count":9,"href":"https:\/\/www.geographischebildung.de\/index.php?rest_route=\/wp\/v2\/posts\/66\/revisions"}],"predecessor-version":[{"id":648,"href":"https:\/\/www.geographischebildung.de\/index.php?rest_route=\/wp\/v2\/posts\/66\/revisions\/648"}],"wp:attachment":[{"href":"https:\/\/www.geographischebildung.de\/index.php?rest_route=%2Fwp%2Fv2%2Fmedia&parent=66"}],"wp:term":[{"taxonomy":"category","embeddable":true,"href":"https:\/\/www.geographischebildung.de\/index.php?rest_route=%2Fwp%2Fv2%2Fcategories&post=66"},{"taxonomy":"post_tag","embeddable":true,"href":"https:\/\/www.geographischebildung.de\/index.php?rest_route=%2Fwp%2Fv2%2Ftags&post=66"}],"curies":[{"name":"wp","href":"https:\/\/api.w.org\/{rel}","templated":true}]}}