{"id":836,"date":"2023-06-01T09:40:04","date_gmt":"2023-06-01T08:40:04","guid":{"rendered":"https:\/\/www.geographischebildung.de\/?p=836"},"modified":"2023-06-01T09:48:52","modified_gmt":"2023-06-01T08:48:52","slug":"deutscher-kongress-fuer-geographie","status":"publish","type":"post","link":"https:\/\/www.geographischebildung.de\/?p=836","title":{"rendered":"Deutscher Kongress f\u00fcr Geographie"},"content":{"rendered":"\n<p>Nanu, frage ich mich: Im Rundbrief Geographie Mai 2023 finde ich einen Hinweis auf den &#8222;Deutschen Kongress f\u00fcr Geographie&#8220;, der im September 2023 in Frankfurt am Main stattfinden soll. Ich erinnere mich: Es gab &#8222;fr\u00fcher&#8220; den Deutschen Schulgeographentag und den Deutschen Geographentag. In meiner Er\u00f6ffnungsrede des Deutschen Schulgeographentages in Berlin 2004 habe ich vorgeschlagen, die beiden Geographentage zu einem &#8222;Deutschen Kongress f\u00fcr Geographie&#8220; zuzsammenzuf\u00fchren. Was ich als Reaktion erfahren durfte, w\u00fcrde man heute als &#8222;shit-storm&#8220; bezeichnen. Insbesondere Meinungsf\u00fchrer des VGDH lehnten zwar meinen Vorschlag inhaltlich nicht rundweg ab, fanden aber 1001 Gr\u00fcnde, warum der von mir vorgeschlagene Name &#8222;Deutscher Kongress f\u00fcr Geographie&#8220;  indiskutabel sei.  19 Jahre sp\u00e4ter staune ich (und freue mich) \u00fcber den Sinneswandel in der Geographie&#8230;<\/p>\n","protected":false},"excerpt":{"rendered":"<p>Nanu, frage ich mich: Im Rundbrief Geographie Mai 2023 finde ich einen Hinweis auf den &#8222;Deutschen Kongress f\u00fcr Geographie&#8220;, der im September 2023 in Frankfurt am Main stattfinden soll. Ich erinnere mich: Es gab &#8222;fr\u00fcher&#8220; den Deutschen Schulgeographentag und den Deutschen Geographentag. In meiner Er\u00f6ffnungsrede des Deutschen Schulgeographentages in Berlin 2004 habe ich vorgeschlagen, die &hellip; <a href=\"https:\/\/www.geographischebildung.de\/?p=836\" class=\"more-link\"><span class=\"screen-reader-text\">Deutscher Kongress f\u00fcr Geographie<\/span> weiterlesen <span class=\"meta-nav\">&rarr;<\/span><\/a><\/p>\n","protected":false},"author":1,"featured_media":0,"comment_status":"open","ping_status":"closed","sticky":false,"template":"","format":"standard","meta":{"footnotes":""},"categories":[1],"tags":[],"class_list":["post-836","post","type-post","status-publish","format-standard","hentry","category-allgemein"],"_links":{"self":[{"href":"https:\/\/www.geographischebildung.de\/index.php?rest_route=\/wp\/v2\/posts\/836","targetHints":{"allow":["GET"]}}],"collection":[{"href":"https:\/\/www.geographischebildung.de\/index.php?rest_route=\/wp\/v2\/posts"}],"about":[{"href":"https:\/\/www.geographischebildung.de\/index.php?rest_route=\/wp\/v2\/types\/post"}],"author":[{"embeddable":true,"href":"https:\/\/www.geographischebildung.de\/index.php?rest_route=\/wp\/v2\/users\/1"}],"replies":[{"embeddable":true,"href":"https:\/\/www.geographischebildung.de\/index.php?rest_route=%2Fwp%2Fv2%2Fcomments&post=836"}],"version-history":[{"count":2,"href":"https:\/\/www.geographischebildung.de\/index.php?rest_route=\/wp\/v2\/posts\/836\/revisions"}],"predecessor-version":[{"id":839,"href":"https:\/\/www.geographischebildung.de\/index.php?rest_route=\/wp\/v2\/posts\/836\/revisions\/839"}],"wp:attachment":[{"href":"https:\/\/www.geographischebildung.de\/index.php?rest_route=%2Fwp%2Fv2%2Fmedia&parent=836"}],"wp:term":[{"taxonomy":"category","embeddable":true,"href":"https:\/\/www.geographischebildung.de\/index.php?rest_route=%2Fwp%2Fv2%2Fcategories&post=836"},{"taxonomy":"post_tag","embeddable":true,"href":"https:\/\/www.geographischebildung.de\/index.php?rest_route=%2Fwp%2Fv2%2Ftags&post=836"}],"curies":[{"name":"wp","href":"https:\/\/api.w.org\/{rel}","templated":true}]}}